
{"id":10684,"date":"2022-01-20T12:56:14","date_gmt":"2022-01-20T11:56:14","guid":{"rendered":"https:\/\/www.dp-institute.eu\/devenez-membre-de-stay-tuned-et-restez-informes\/"},"modified":"2022-01-20T12:59:25","modified_gmt":"2022-01-20T11:59:25","slug":"devenez-membre-de-stay-tuned-et-restez-informes","status":"publish","type":"post","link":"https:\/\/www.dp-institute.eu\/fr\/devenez-membre-de-stay-tuned-et-restez-informes\/","title":{"rendered":"Devenez membre de Stay Tuned et restez inform\u00e9s !"},"content":{"rendered":"<p>L&rsquo;ann\u00e9e ne fait que commencer, mais 2022 d\u00e9marre d\u00e9j\u00e0 sur les chapeaux de roue avec une d\u00e9cision de l&rsquo;autorit\u00e9 autrichienne de protection des donn\u00e9es\u00a0: l&rsquo;utilisation de Google Analytics n&rsquo;est pas conforme au RGPD. Les cons\u00e9quences de Schrems II se font sentir, et trois ans et demi apr\u00e8s l&rsquo;entr\u00e9e en vigueur du RGPD, il est clair que la vie priv\u00e9e et la protection des donn\u00e9es sont l\u00e0 pour rester\u00a0: le RGPD est m\u00eame parfois appel\u00e9 \u00ab\u00a0la loi du tout\u00a0\u00bb.<\/p>\n<p>Le vaste champ d&rsquo;application signifie \u00e9galement que la mise en \u0153uvre pratique de la protection des donn\u00e9es se d\u00e9veloppe rapidement\u00a0: les affaires Schrems II, les \u00e9valuations d&rsquo;impact des transferts, les d\u00e9cisions des autorit\u00e9s, les directives de l&rsquo;EDPB, la l\u00e9gislation sur l&rsquo;IA, et bien plus encore.<\/p>\n<h5>En tant que professionnel de la protection de la vie priv\u00e9e, il n&rsquo;est pas facile de se tenir au courant de tout. En tant que r\u00e9f\u00e9rence dans le domaine des formations \u00e0 la protection de la vie priv\u00e9e, DPI ne conna\u00eet que trop bien ces d\u00e9fis, et c&rsquo;est la raison pour laquelle nous avons d\u00e9velopp\u00e9 <a href=\"https:\/\/www.dp-institute.eu\/nl\/opleiding\/stay-tuned-as-dpo\/\">Stay Tuned<\/a>\u00a0: un abonnement annuel qui vous permet de participer chaque trimestre \u00e0 nos journ\u00e9es de formation Stay Tuned. Chaque journ\u00e9e de formation est anim\u00e9e par des experts de haut niveau et un mod\u00e9rateur qui guident les participants \u00e0 travers toute l&rsquo;actualit\u00e9 du RGPD pendant une journ\u00e9e enti\u00e8re. Nous pr\u00e9voyons toujours une saine alternance entre mati\u00e8re juridique et ateliers pratiques afin que chaque professionnel de la protection de la vie priv\u00e9e y trouve son compte.<\/h5>\n<p>Depuis 2022, Stay Tuned est plus que de simples journ\u00e9es de formation. Le paysage \u00e9volue et nos participants doivent pouvoir r\u00e9agir plus rapidement \u00e0 l\u2019actualit\u00e9, ont besoin de plus d&rsquo;informations et aussi de plusieurs canaux pour obtenir ces informations.<\/p>\n<p>Pour commencer, les journ\u00e9es de formation seront d\u00e9sormais \u00e9galement diffus\u00e9es en direct et pourront \u00e0 nouveau \u00eatre visionn\u00e9es par apr\u00e8s. Les participants recevront \u00e9galement chaque mois la lettre d&rsquo;information Stay Tuned, de courtes mises \u00e0 jour vid\u00e9o sur les derni\u00e8res actualit\u00e9s en mati\u00e8re de protection de la vie priv\u00e9e, des modules d&rsquo;apprentissage en ligne sp\u00e9ciaux du \u2018Guide du DPD\u2019 et une extension de notre plateforme communautaire. Afin de mener tout cela \u00e0 bonne fin, DPI a nomm\u00e9 un Stay Tuned Community Manager en la personne de <a href=\"https:\/\/www.dp-institute.eu\/en\/our-teachers\/bart-van-buitenen\/\" target=\"_blank\" rel=\"noopener\">Bart van Buitenen<\/a>. Conjointement avec un comit\u00e9 consultatif d&rsquo;experts nouvellement nomm\u00e9, Bart est responsable du contenu de Stay Tuned et est la personne id\u00e9ale pour garantir que Stay Tuned continue de gagner en participants et en qualit\u00e9.<\/p>\n<h5><a href=\"https:\/\/www.dp-institute.eu\/fr\/formation\/stay-tuned-as-dpo\/\" target=\"_blank\" rel=\"noopener\"><strong>Devenez donc membre de Stay Tuned<\/strong><\/a> et faites partie de notre communaut\u00e9 grandissante de professionnels de la protection de la vie priv\u00e9e, avec des informations compl\u00e8tes et actualis\u00e9es sur tout ce qui se passe au pays de la vie priv\u00e9e\u00a0!<\/h5>\n","protected":false},"excerpt":{"rendered":"<p>L&rsquo;ann\u00e9e ne fait que commencer, mais 2022 d\u00e9marre d\u00e9j\u00e0 sur les chapeaux de roue avec une d\u00e9cision de l&rsquo;autorit\u00e9 autrichienne de protection des donn\u00e9es\u00a0: l&rsquo;utilisation de Google Analytics n&rsquo;est pas conforme au RGPD. Les cons\u00e9quences de Schrems II se font sentir, et trois ans et demi apr\u00e8s l&rsquo;entr\u00e9e en vigueur du RGPD, il est clair [&hellip;]<\/p>\n","protected":false},"author":10,"featured_media":10657,"comment_status":"closed","ping_status":"closed","sticky":false,"template":"","format":"standard","meta":{"_acf_changed":false,"footnotes":""},"categories":[30],"tags":[],"class_list":["post-10684","post","type-post","status-publish","format-standard","has-post-thumbnail","hentry","category-dpo"],"acf":[],"_links":{"self":[{"href":"https:\/\/www.dp-institute.eu\/fr\/wp-json\/wp\/v2\/posts\/10684","targetHints":{"allow":["GET"]}}],"collection":[{"href":"https:\/\/www.dp-institute.eu\/fr\/wp-json\/wp\/v2\/posts"}],"about":[{"href":"https:\/\/www.dp-institute.eu\/fr\/wp-json\/wp\/v2\/types\/post"}],"author":[{"embeddable":true,"href":"https:\/\/www.dp-institute.eu\/fr\/wp-json\/wp\/v2\/users\/10"}],"replies":[{"embeddable":true,"href":"https:\/\/www.dp-institute.eu\/fr\/wp-json\/wp\/v2\/comments?post=10684"}],"version-history":[{"count":3,"href":"https:\/\/www.dp-institute.eu\/fr\/wp-json\/wp\/v2\/posts\/10684\/revisions"}],"predecessor-version":[{"id":10687,"href":"https:\/\/www.dp-institute.eu\/fr\/wp-json\/wp\/v2\/posts\/10684\/revisions\/10687"}],"wp:featuredmedia":[{"embeddable":true,"href":"https:\/\/www.dp-institute.eu\/fr\/wp-json\/wp\/v2\/media\/10657"}],"wp:attachment":[{"href":"https:\/\/www.dp-institute.eu\/fr\/wp-json\/wp\/v2\/media?parent=10684"}],"wp:term":[{"taxonomy":"category","embeddable":true,"href":"https:\/\/www.dp-institute.eu\/fr\/wp-json\/wp\/v2\/categories?post=10684"},{"taxonomy":"post_tag","embeddable":true,"href":"https:\/\/www.dp-institute.eu\/fr\/wp-json\/wp\/v2\/tags?post=10684"}],"curies":[{"name":"wp","href":"https:\/\/api.w.org\/{rel}","templated":true}]}}